{"id":21,"date":"2022-12-22T14:58:42","date_gmt":"2022-12-22T13:58:42","guid":{"rendered":"https:\/\/kommunarkivet.se\/anslagstavlan\/?p=21"},"modified":"2022-12-23T15:23:30","modified_gmt":"2022-12-23T14:23:30","slug":"notter-till-jul","status":"publish","type":"post","link":"https:\/\/kommunarkivet.se\/anslagstavlan\/2022\/12\/22\/notter-till-jul\/","title":{"rendered":"N\u00f6tter till jul"},"content":{"rendered":"\n<div class=\"wp-block-toolset-blocks-container tb-container\" data-toolset-blocks-container=\"ed3832aa6201cbec5b1e5b902dc067e2\">\n<iframe loading=\"lazy\" title=\"Inb\u00e4ddat inneh\u00e5ll fr\u00e5n Sveriges Radio\" width=\"100%\" height=\"150\" src=\"https:\/\/sverigesradio.se\/embed\/episode\/2089381\" frameborder=\"0\"><\/iframe>\n<\/div>\n","protected":false},"excerpt":{"rendered":"<p>Philipp Weiss odlar n\u00f6tter. Och vill att det ska odlas mycket mer i Sverige. I st\u00e4derna, och bland vete och raps. Han ber\u00e4ttar om alla n\u00f6tter som kan odlas h\u00e4r. Och varf\u00f6r vi \u00e4ter n\u00f6tter till jul.<\/p>\n","protected":false},"author":6,"featured_media":26,"comment_status":"closed","ping_status":"open","sticky":false,"template":"","format":"standard","meta":{"_jetpack_memberships_contains_paid_content":false,"activitypub_content_warning":"","activitypub_content_visibility":"","activitypub_max_image_attachments":4,"activitypub_interaction_policy_quote":"anyone","activitypub_status":"","footnotes":"","_share_on_pixelfed":"1"},"categories":[1],"tags":[7],"class_list":["post-21","post","type-post","status-publish","format-standard","has-post-thumbnail","hentry","category-naturkapital","tag-sveriges-radio-p1"],"share_on_pixelfed":{"url":"","error":""},"jetpack_featured_media_url":"https:\/\/i0.wp.com\/s3.eu-north-1.amazonaws.com\/kommunarkivet.se\/wp-content\/uploads\/sites\/5\/2022\/12\/22151530\/screen-capture-953.png?fit=594%2C601&ssl=1","jetpack_sharing_enabled":true,"_links":{"self":[{"href":"https:\/\/kommunarkivet.se\/anslagstavlan\/wp-json\/wp\/v2\/posts\/21","targetHints":{"allow":["GET"]}}],"collection":[{"href":"https:\/\/kommunarkivet.se\/anslagstavlan\/wp-json\/wp\/v2\/posts"}],"about":[{"href":"https:\/\/kommunarkivet.se\/anslagstavlan\/wp-json\/wp\/v2\/types\/post"}],"author":[{"embeddable":true,"href":"https:\/\/kommunarkivet.se\/anslagstavlan\/wp-json\/wp\/v2\/users\/6"}],"replies":[{"embeddable":true,"href":"https:\/\/kommunarkivet.se\/anslagstavlan\/wp-json\/wp\/v2\/comments?post=21"}],"version-history":[{"count":0,"href":"https:\/\/kommunarkivet.se\/anslagstavlan\/wp-json\/wp\/v2\/posts\/21\/revisions"}],"wp:featuredmedia":[{"embeddable":true,"href":"https:\/\/kommunarkivet.se\/anslagstavlan\/wp-json\/wp\/v2\/media\/26"}],"wp:attachment":[{"href":"https:\/\/kommunarkivet.se\/anslagstavlan\/wp-json\/wp\/v2\/media?parent=21"}],"wp:term":[{"taxonomy":"category","embeddable":true,"href":"https:\/\/kommunarkivet.se\/anslagstavlan\/wp-json\/wp\/v2\/categories?post=21"},{"taxonomy":"post_tag","embeddable":true,"href":"https:\/\/kommunarkivet.se\/anslagstavlan\/wp-json\/wp\/v2\/tags?post=21"}],"curies":[{"name":"wp","href":"https:\/\/api.w.org\/{rel}","templated":true}]}}